{"id":9748,"global_id":"amigosmuseotraje.com\/en?id=9748","global_id_lineage":["amigosmuseotraje.com\/en?id=9748"],"author":"1","status":"publish","date":"2026-02-01 17:31:47","date_utc":"2026-02-01 16:31:47","modified":"2026-04-18 10:26:42","modified_utc":"2026-04-18 08:26:42","url":"https:\/\/amigosmuseotraje.com\/en\/event\/marco-correa-una-nueva-mirada-al-uniforme-de-iberia-de-elio-berhanyer\/","rest_url":"https:\/\/amigosmuseotraje.com\/en\/wp-json\/tribe\/events\/v1\/events\/9748","title":"S\u00e1bado de los Amigos: Marco\u00a0Correa, una nueva mirada al uniforme de Iberia de Elio Berhanyer","description":"<div>Jose Luis D\u00edez-Garde, conservador del Museo Nacional de Artes Decorativas, plantea una nueva teor\u00eda sobre la creaci\u00f3n que realiz\u00f3 en 1972 Elio Berhanyer para la compa\u00f1\u00eda Iberia y descubre el trabajo en Madrid del dise\u00f1ador chileno\u00a0Marco\u00a0Correa.<\/div>","excerpt":"","slug":"marco-correa-una-nueva-mirada-al-uniforme-de-iberia-de-elio-berhanyer","image":{"url":"https:\/\/amigosmuseotraje.com\/wp-content\/uploads\/2026\/02\/iberia_bernhayer.jpg","id":9783,"extension":"jpg","width":316,"height":403,"filesize":29375,"sizes":{"medium":{"width":235,"height":300,"mime-type":"image\/jpeg","filesize":10920,"url":"https:\/\/amigosmuseotraje.com\/wp-content\/uploads\/2026\/02\/iberia_bernhayer-235x300.jpg"},"thumbnail":{"width":150,"height":150,"mime-type":"image\/jpeg","filesize":5019,"url":"https:\/\/amigosmuseotraje.com\/wp-content\/uploads\/2026\/02\/iberia_bernhayer-150x150.jpg"},"trp-custom-language-flag":{"width":9,"height":12,"mime-type":"image\/jpeg","filesize":1055,"url":"https:\/\/amigosmuseotraje.com\/wp-content\/uploads\/2026\/02\/iberia_bernhayer-9x12.jpg"},"one-elementor-blog-thumb":{"width":316,"height":338,"mime-type":"image\/jpeg","filesize":16288,"url":"https:\/\/amigosmuseotraje.com\/wp-content\/uploads\/2026\/02\/iberia_bernhayer-316x338.jpg"},"one-elementor-blog-single-thumb":{"width":316,"height":380,"mime-type":"image\/jpeg","filesize":17071,"url":"https:\/\/amigosmuseotraje.com\/wp-content\/uploads\/2026\/02\/iberia_bernhayer-316x380.jpg"}}},"all_day":false,"start_date":"2026-03-14 12:00:00","start_date_details":{"year":"2026","month":"03","day":"14","hour":"12","minutes":"00","seconds":"00"},"end_date":"2026-03-14 14:00:00","end_date_details":{"year":"2026","month":"03","day":"14","hour":"14","minutes":"00","seconds":"00"},"utc_start_date":"2026-03-14 11:00:00","utc_start_date_details":{"year":"2026","month":"03","day":"14","hour":"11","minutes":"00","seconds":"00"},"utc_end_date":"2026-03-14 13:00:00","utc_end_date_details":{"year":"2026","month":"03","day":"14","hour":"13","minutes":"00","seconds":"00"},"timezone":"Europe\/Madrid","timezone_abbr":"CET","cost":"","cost_details":{"currency_symbol":"\u20ac","currency_code":"EUR","currency_position":"suffix","values":[]},"website":"","show_map":true,"show_map_link":true,"hide_from_listings":false,"sticky":false,"featured":false,"categories":[{"name":"S\u00e1bados de los Amigos","slug":"sabados-de-los-amigos","term_group":0,"term_taxonomy_id":152,"taxonomy":"tribe_events_cat","description":"","parent":0,"count":13,"filter":"raw","id":152,"urls":{"self":"https:\/\/amigosmuseotraje.com\/en\/wp-json\/tribe\/events\/v1\/categories\/152","collection":"https:\/\/amigosmuseotraje.com\/en\/wp-json\/tribe\/events\/v1\/categories"}}],"tags":[],"venue":{"id":5804,"author":"1","status":"publish","date":"2024-03-20 19:00:17","date_utc":"0000-00-00 00:00:00","modified":"2024-03-20 19:00:17","modified_utc":"0000-00-00 00:00:00","url":"https:\/\/amigosmuseotraje.com\/en\/venue\/museo-del-traje\/","venue":"Museo del Traje","slug":"museo-del-traje","address":"Av. Juan de Herrera, 2","city":"Madrid","country":"Espa\u00f1a","province":"Madrid","zip":"28040","website":"https:\/\/amigosmuseotraje.com\/amt","stateprovince":"Madrid","json_ld":{"@type":"Place","name":"Museo del Traje","description":"","url":"","address":{"@type":"PostalAddress","streetAddress":"Av. Juan de Herrera, 2","addressLocality":"Madrid","addressRegion":"Madrid","postalCode":"28040","addressCountry":"Espa\u00f1a"},"telephone":"","sameAs":"https:\/\/amigosmuseotraje.com\/amt"},"show_map":true,"show_map_link":true,"global_id":"amigosmuseotraje.com\/en?id=5804","global_id_lineage":["amigosmuseotraje.com\/en?id=5804"]},"organizer":[{"id":7977,"author":"1","status":"publish","date":"2024-06-19 10:23:44","date_utc":"2024-06-19 08:23:44","modified":"2024-06-19 10:23:44","modified_utc":"2024-06-19 08:23:44","url":"https:\/\/amigosmuseotraje.com\/en\/organiser\/amigos-museo-del-traje\/","organizer":"Amigos Museo del Traje","slug":"amigos-museo-del-traje","website":"https:\/\/amigosmuseotraje.com","json_ld":{"@type":"Person","name":"Amigos Museo del Traje","description":"","url":"https:\/\/amigosmuseotraje.com","telephone":"","email":"","sameAs":"https:\/\/amigosmuseotraje.com"},"global_id":"amigosmuseotraje.com\/en?id=7977","global_id_lineage":["amigosmuseotraje.com\/en?id=7977"]}],"custom_fields":[],"json_ld":{"@context":"http:\/\/schema.org","@type":"Event","name":"S\u00e1bado de los Amigos: Marco\u00a0Correa, una nueva mirada al uniforme de Iberia de Elio Berhanyer","description":"&lt;p&gt;Jose Luis D\u00edez-Garde, conservador del Museo Nacional de Artes Decorativas, plantea una nueva teor\u00eda sobre la creaci\u00f3n que realiz\u00f3 en 1972 Elio Berhanyer para la compa\u00f1\u00eda Iberia y [&hellip;]&lt;\/p&gt;\\n","image":"https:\/\/amigosmuseotraje.com\/wp-content\/uploads\/2026\/02\/iberia_bernhayer.jpg","url":"https:\/\/amigosmuseotraje.com\/en\/event\/marco-correa-una-nueva-mirada-al-uniforme-de-iberia-de-elio-berhanyer\/","eventAttendanceMode":"https:\/\/schema.org\/OfflineEventAttendanceMode","eventStatus":"https:\/\/schema.org\/EventScheduled","startDate":"2026-03-14T12:00:00+01:00","endDate":"2026-03-14T14:00:00+01:00","location":{"@type":"Place","name":"Museo del Traje","description":"","url":"","address":{"@type":"PostalAddress","streetAddress":"Av. Juan de Herrera, 2","addressLocality":"Madrid","addressRegion":"Madrid","postalCode":"28040","addressCountry":"Espa\u00f1a"},"telephone":"","sameAs":"https:\/\/amigosmuseotraje.com\/amt"},"organizer":{"@type":"Person","name":"Amigos Museo del Traje","description":"","url":"https:\/\/amigosmuseotraje.com","telephone":"","email":"","sameAs":"https:\/\/amigosmuseotraje.com"},"performer":"Organization"}}