{"id":9853,"date":"2026-02-15T20:37:19","date_gmt":"2026-02-15T19:37:19","guid":{"rendered":"https:\/\/amigosmuseotraje.com\/?p=9853"},"modified":"2026-02-15T20:44:34","modified_gmt":"2026-02-15T19:44:34","slug":"cristobal-balenciaga-shoes-from-spain-tribute-un-homenaje-a-traves-del-zapato","status":"publish","type":"post","link":"https:\/\/amigosmuseotraje.com\/en\/2026\/02\/15\/cristobal-balenciaga-shoes-from-spain-tribute-un-homenaje-a-traves-del-zapato\/","title":{"rendered":"Crist\u00f3bal Balenciaga: Shoes from Spain Tribute. Un homenaje a trav\u00e9s del zapato"},"content":{"rendered":"<div data-elementor-type=\"wp-post\" data-elementor-id=\"9853\" class=\"elementor elementor-9853\">\n\t\t\t\t<div class=\"elementor-element elementor-element-9b55a2f e-flex e-con-boxed e-con e-parent\" data-id=\"9b55a2f\" data-element_type=\"container\" data-e-type=\"container\">\n\t\t\t\t\t<div class=\"e-con-inner\">\n\t\t<div class=\"elementor-element elementor-element-d8c745d e-con-full e-flex e-con e-child\" data-id=\"d8c745d\" data-element_type=\"container\" data-e-type=\"container\">\n\t\t\t\t<div class=\"elementor-element elementor-element-f910e15 elementor-widget elementor-widget-image\" data-id=\"f910e15\" data-element_type=\"widget\" data-e-type=\"widget\" data-widget_type=\"image.default\">\n\t\t\t\t<div class=\"elementor-widget-container\">\n\t\t\t\t\t\t\t\t\t\t\t\t\t\t\t<img fetchpriority=\"high\" decoding=\"async\" width=\"290\" height=\"403\" src=\"https:\/\/amigosmuseotraje.com\/wp-content\/uploads\/2026\/02\/Balenciaga_Milan-e1769970217328.jpg\" class=\"attachment-medium_large size-medium_large wp-image-9753\" alt=\"\" \/>\t\t\t\t\t\t\t\t\t\t\t\t\t\t\t<\/div>\n\t\t\t\t<\/div>\n\t\t\t\t<\/div>\n\t\t<div class=\"elementor-element elementor-element-cf9e52b e-con-full e-flex e-con e-child\" data-id=\"cf9e52b\" data-element_type=\"container\" data-e-type=\"container\">\n\t\t<div class=\"elementor-element elementor-element-e8f5b0c e-flex e-con-boxed e-con e-child\" data-id=\"e8f5b0c\" data-element_type=\"container\" data-e-type=\"container\">\n\t\t\t\t\t<div class=\"e-con-inner\">\n\t\t\t\t<div class=\"elementor-element elementor-element-f6ad6f0 elementor-widget elementor-widget-text-editor\" data-id=\"f6ad6f0\" data-element_type=\"widget\" data-e-type=\"widget\" data-widget_type=\"text-editor.default\">\n\t\t\t\t<div class=\"elementor-widget-container\">\n\t\t\t\t\t\t\t\t\t<p>14 de febrero de 2026<\/p><p>M\u00e1s de doscientas personas asistieron a la presentaci\u00f3n del libro cat\u00e1logo de la primera exposici\u00f3n monogr\u00e1fica sobre Balenciaga celebrada en Mil\u00e1n el pasado a\u00f1o 2025, tributo al creador vasco: \u2018Crist\u00f3bal Balenciaga | Shoes from Spain Tribute\u2019<\/p><p>Javier Echeverr\u00eda Sola, comisario de la exposici\u00f3n, nos ofreci\u00f3 un recorrido por la muestra, un fascinante di\u00e1logo entre los ic\u00f3nicos dise\u00f1os de Balenciaga, la artesan\u00eda y el calzado espa\u00f1ol contempor\u00e1neo.<\/p><p>Este evento del Ciclo S\u00e1bado de los Amigos cont\u00f3 con la participaci\u00f3n de Juan Carlos Vega, fot\u00f3grafo y dise\u00f1ador de la maquetaci\u00f3n del libro, Vicente Pastor, presidente de la Federaci\u00f3n de Industrias del Calzado Espa\u00f1ol, Helena L\u00f3pez de Hierro, directora del Museo del Traje y de Jos\u00e9 Luis D\u00edez-Garde, presidente de la Asociaci\u00f3n de Amigos del Museo del Traje.<\/p><p>Al final del acto disfrutamos de un vino espa\u00f1ol donde pudimos intercambiar comentarios con todos los participantes.<\/p><p>Muchas gracias a todos los intervienientes y asistentes.<\/p>\t\t\t\t\t\t\t\t<\/div>\n\t\t\t\t<\/div>\n\t\t\t\t\t<\/div>\n\t\t\t\t<\/div>\n\t\t<div class=\"elementor-element elementor-element-fe6dc50 e-flex e-con-boxed e-con e-child\" data-id=\"fe6dc50\" data-element_type=\"container\" data-e-type=\"container\">\n\t\t\t\t\t<div class=\"e-con-inner\">\n\t\t\t\t<div class=\"elementor-element elementor-element-b647459 elementor-widget elementor-widget-text-editor\" data-id=\"b647459\" data-element_type=\"widget\" data-e-type=\"widget\" data-widget_type=\"text-editor.default\">\n\t\t\t\t<div class=\"elementor-widget-container\">\n\t\t\t\t\t\t\t\t\t<p><a href=\"https:\/\/amigosmuseotraje.com\/en\/event\/cristobal-balenciaga-shoes-from-spain-tribute-un-homenaje-a-traves-del-zapato\/\">Enlace al evento<\/a><\/p>\t\t\t\t\t\t\t\t<\/div>\n\t\t\t\t<\/div>\n\t\t\t\t\t<\/div>\n\t\t\t\t<\/div>\n\t\t\t\t<\/div>\n\t\t\t\t\t<\/div>\n\t\t\t\t<\/div>\n\t\t\t\t<\/div>","protected":false},"excerpt":{"rendered":"<p>14 de febrero de 2026 M\u00e1s de doscientas personas asistieron a la presentaci\u00f3n del libro cat\u00e1logo de la primera exposici\u00f3n monogr\u00e1fica sobre Balenciaga celebrada en Mil\u00e1n el pasado [&hellip;]<\/p>\n","protected":false},"author":1,"featured_media":0,"comment_status":"closed","ping_status":"open","sticky":false,"template":"","format":"standard","meta":{"footnotes":""},"categories":[150],"tags":[],"class_list":["post-9853","post","type-post","status-publish","format-standard","hentry","category-asociacion"],"_links":{"self":[{"href":"https:\/\/amigosmuseotraje.com\/en\/wp-json\/wp\/v2\/posts\/9853","targetHints":{"allow":["GET"]}}],"collection":[{"href":"https:\/\/amigosmuseotraje.com\/en\/wp-json\/wp\/v2\/posts"}],"about":[{"href":"https:\/\/amigosmuseotraje.com\/en\/wp-json\/wp\/v2\/types\/post"}],"author":[{"embeddable":true,"href":"https:\/\/amigosmuseotraje.com\/en\/wp-json\/wp\/v2\/users\/1"}],"replies":[{"embeddable":true,"href":"https:\/\/amigosmuseotraje.com\/en\/wp-json\/wp\/v2\/comments?post=9853"}],"version-history":[{"count":7,"href":"https:\/\/amigosmuseotraje.com\/en\/wp-json\/wp\/v2\/posts\/9853\/revisions"}],"predecessor-version":[{"id":9860,"href":"https:\/\/amigosmuseotraje.com\/en\/wp-json\/wp\/v2\/posts\/9853\/revisions\/9860"}],"wp:attachment":[{"href":"https:\/\/amigosmuseotraje.com\/en\/wp-json\/wp\/v2\/media?parent=9853"}],"wp:term":[{"taxonomy":"category","embeddable":true,"href":"https:\/\/amigosmuseotraje.com\/en\/wp-json\/wp\/v2\/categories?post=9853"},{"taxonomy":"post_tag","embeddable":true,"href":"https:\/\/amigosmuseotraje.com\/en\/wp-json\/wp\/v2\/tags?post=9853"}],"curies":[{"name":"wp","href":"https:\/\/api.w.org\/{rel}","templated":true}]}}